{"id":1168,"date":"2020-03-21T22:05:44","date_gmt":"2020-03-21T21:05:44","guid":{"rendered":"http:\/\/www.asso-audrey.org\/?p=1168"},"modified":"2020-03-21T22:17:11","modified_gmt":"2020-03-21T21:17:11","slug":"la-meningitis","status":"publish","type":"post","link":"https:\/\/www.asso-audrey.org\/?p=1168&lang=es","title":{"rendered":"La meningitis"},"content":{"rendered":"\n<h1 class=\"has-light-green-cyan-color has-text-color is-style-vk-heading-both_ends wp-block-heading\"> La enfermedad <\/h1>\n\n\n<p>Las meningitis son\u00a0<b>afecciones<\/b>\u00a0que pueden resultar graves. As\u00ed necesitan un\u00a0<b>tratamiento r\u00e1pido y adaptado<\/b>.<b><br \/><\/b><br \/>Afectan a todas las franjas de edad de la populaci\u00f3n, pero\u00a0<b>sobre todo a los ni\u00f1os de corta edad y a los adolescentes<\/b>.<b><br \/><\/b><br \/>Las meninges se forman de l\u00e1minas que envuelven el cerebro y la medula espinal. Contienen un liquido llamado \u00ab\u00a0liquido cefalorraqu\u00eddeo\u00a0\u00bb (LCR), normalmente est\u00e9ril. Cuando un germen invade el LCR y fomenta, provoca una\u00a0<b>inflamaci\u00f3n de las meninges<\/b>, llamada \u00ab\u00a0meningitis\u00a0\u00bb.<\/p>\n<p>Aunque los s\u00edntomas sean similares, existen\u00a0<b>diferentes tipos de meningitis<\/b>\u00a0seg\u00fan el germen implicado:<\/p>\n<p><b>&#8211;\u00a0\u00a0\u00a0\u00a0\u00a0\u00a0\u00a0\u00a0\u00a0\u00a0Las meningitis virales<br \/>&#8211;\u00a0\u00a0\u00a0\u00a0\u00a0\u00a0\u00a0\u00a0\u00a0\u00a0Las meningitis bacterianas<\/b><\/p>\n<p>\u00a0<\/p>\n\n\n<h1 class=\"has-light-green-cyan-color has-text-color is-style-vk-heading-both_ends wp-block-heading\"> Diferentes tipos de meningitis <\/h1>\n\n\n<p><b><u>La meningitis viral:<br><\/u><\/b><br>La&nbsp;<b>meningitis viral<\/b>&nbsp;es la forma de meningitis la<b>&nbsp;mas frecuente<\/b>&nbsp;y generalmente&nbsp;<b>menos grave<\/b>. Su causa puede proceder de una gran diversidad de virus frecuentes (paperas, varicela, rub\u00e9ola,\u2026). La mayor\u00eda del tiempo, se cura&nbsp;<b>espont\u00e1neamente dentro de 3 a 8 d\u00edas<\/b>&nbsp;y no necesita&nbsp;<b>ning\u00fan tratamiento particular<\/b>.<b><br><\/b><br>Actualmente la cobertura vacc\u00ednea de los ni\u00f1os les protege de un cierto n\u00famero de virus potencialmente responsables de meningitis.<br><b><u><br>La meningitis bacteriana:<\/u><\/b><\/p>\n<p>Las&nbsp;<b>meningitis bacterianas&nbsp;<\/b>son menos frecuentes pero&nbsp;<b>m\u00e1s graves<\/b>&nbsp;que las meningitis virales. Pueden causar&nbsp;<b>graves secuelas<\/b>&nbsp;(sordera, ceguera, par\u00e1lisis, coma,\u2026) y&nbsp;<b>potencialmente el fallecimiento<\/b>.<\/p>\n<p>Alrededor del&nbsp;<b>70 %<\/b>&nbsp;de los casos surgen&nbsp;<b>antes de los 5 anos<\/b>.<\/p>\n<p>Dichas bacterias se encuentran a menudo al nivel&nbsp;<b>de la nariz y de la faringe<\/b>. Su transmisi\u00f3n se efect\u00faa por las secreciones naso-far\u00edngeo contaminadas (perdigones, estornudos,\u2026)<\/p>\n<p>Se vuelven particularmente peligrosas cuando pasan en el sangre circulante (septicemia) y llegan a las meninges.<\/p>\n<p>Las principales bacterias responsables de meningitis hoy en Francia son el&nbsp;<b>neumococo<\/b>&nbsp;y el&nbsp;<b>meningococo<\/b>.<b><\/b><\/p>\n<p><i><br>* Meningitis a neumococo:<\/i><\/p>\n<p>En Francia, las&nbsp;<b>infecciones a meningococo<\/b>&nbsp;son las primeras causas de fallecimiento debido a infecciones bacterianas para los ni\u00f1os de menos de 2 anos. El neumococo es un germen muy com\u00fan para los ni\u00f1os. En general benigno, en ciertos casos puede provocar una&nbsp;<b>otitis<\/b>, una&nbsp;<b>neumon\u00eda<\/b>&nbsp;o una&nbsp;<b>meningitis<\/b>.<\/p>\n<p>El&nbsp;<b>neumococo<\/b>&nbsp;existe bajo&nbsp;<b>diferentes formas llamadas serotipos<\/b>. Un vacuna contra los siete serotipos de neumococo los mas frecuentes est\u00e1 disponible y&nbsp;<b>recomendado desde la edad de 2 meses<\/b>.<b><\/b><\/p>\n<p><\/p>\n<p><b><\/b>*&nbsp;<i>Meningitis a meningococo:<\/i><i><\/i><\/p>\n<p>Existe&nbsp;<b>numerosos tipos de meningococos<\/b>&nbsp;(serogrupos). En Francia, los serogrupos B, C y W 135 son los que se encuentran con m\u00e1s frecuencia en los casos de meningitis.<\/p>\n<p><img data-recalc-dims=\"1\" loading=\"lazy\" decoding=\"async\" class=\"size-medium wp-image-665 alignleft\" src=\"https:\/\/i0.wp.com\/www.asso-audrey.org\/wp-content\/uploads\/2020\/03\/dsc00022-2.jpg?resize=300%2C225&#038;ssl=1\" alt=\"\" width=\"300\" height=\"225\" srcset=\"https:\/\/i0.wp.com\/www.asso-audrey.org\/wp-content\/uploads\/2020\/03\/dsc00022-2.jpg?resize=300%2C225&amp;ssl=1 300w, https:\/\/i0.wp.com\/www.asso-audrey.org\/wp-content\/uploads\/2020\/03\/dsc00022-2.jpg?resize=1024%2C768&amp;ssl=1 1024w, https:\/\/i0.wp.com\/www.asso-audrey.org\/wp-content\/uploads\/2020\/03\/dsc00022-2.jpg?resize=768%2C576&amp;ssl=1 768w, https:\/\/i0.wp.com\/www.asso-audrey.org\/wp-content\/uploads\/2020\/03\/dsc00022-2.jpg?resize=1536%2C1152&amp;ssl=1 1536w, https:\/\/i0.wp.com\/www.asso-audrey.org\/wp-content\/uploads\/2020\/03\/dsc00022-2.jpg?w=1600&amp;ssl=1 1600w, https:\/\/i0.wp.com\/www.asso-audrey.org\/wp-content\/uploads\/2020\/03\/dsc00022-2.jpg?w=1296&amp;ssl=1 1296w\" sizes=\"auto, (max-width: 300px) 100vw, 300px\" \/>En el<b>&nbsp;30 %<\/b>&nbsp;de los casos de infecciones invasivas a meningococo, se declara una&nbsp;<b>terrible infecci\u00f3n&nbsp;<\/b>con una taza de mortalidad importante: el&nbsp;<i><b>p\u00farpura fulminan<\/b><\/i>. Se manifiesta por una erupci\u00f3n de&nbsp;<b>manchas rojas sobre la piel<\/b>. La presencia de dicho s\u00edntoma es un signo muy grave, que implica una hospitalizaci\u00f3n urgente.<\/p>\n<p><b>Vacunas contra los meningococos A, C Y y W 135 existen<\/b>. Se&nbsp;<b>recomienda<\/b>&nbsp;la vacunaci\u00f3n de las personas que&nbsp;<b>hubieran sido en contacto con el enfermo<\/b>&nbsp;y en ciertos&nbsp;<b>pa\u00edses donde se encuentra la infecci\u00f3n con frecuencia<\/b>.<b><br><\/b><br>No existe una vacuna similar contra el meningococo del serogrupo B; aunque algunos pa\u00edses desarrollaron vacunas especificas contra ciertas cepas utilizadas para responder a una epidemia local.<\/p>\n<p><\/p>\n\n\n<h1 class=\"has-light-green-cyan-color has-text-color is-style-vk-heading-both_ends wp-block-heading\"> Consecuencias <\/h1>\n\n\n<p>Dicha enfermedad arrastra consecuencias m\u00e1s o menos graves para el enfermo dependiente del tipo de meningitis implicado.<\/p>\n<p>En efecto, si se trata de una&nbsp;<b>meningitis viral<\/b>, meningitis la mas frecuente, se cura el enfermo de forma espont\u00e1nea en&nbsp;<b>entre 3 y 8 d\u00edas<\/b>. Esta curaci\u00f3n no necesita&nbsp;<b>ning\u00fan tratamiento especial<\/b>.<b><br><\/b><br>En caso de&nbsp;<b>meningitis bacteriana<\/b>, meningitis menos frecuentes pero mas graves, la enfermad puede acarear&nbsp;<b>graves secuelas<\/b>&nbsp;como&nbsp; la sordera, la ceguera, la par\u00e1lisis, el coma, la aparici\u00f3n de manchas rojas sobre la piel, secuelas neurol\u00f3gicas, epilepsia\u2026 y aun el fallecimiento a&nbsp;<b>veces<\/b>.<\/p>\n\n\n<figure class=\"wp-block-gallery columns-2 is-cropped wp-block-gallery-1 is-layout-flex wp-block-gallery-is-layout-flex\"><ul class=\"blocks-gallery-grid\"><li class=\"blocks-gallery-item\"><figure><img data-recalc-dims=\"1\" loading=\"lazy\" decoding=\"async\" width=\"588\" height=\"894\" src=\"https:\/\/i0.wp.com\/www.asso-audrey.org\/wp-content\/uploads\/2020\/03\/jambe-3.jpg?resize=588%2C894&#038;ssl=1\" alt=\"\" data-id=\"666\" data-full-url=\"https:\/\/www.asso-audrey.org\/wp-content\/uploads\/2020\/03\/jambe-3.jpg\" data-link=\"https:\/\/www.asso-audrey.org\/?attachment_id=666\" class=\"wp-image-666\" srcset=\"https:\/\/i0.wp.com\/www.asso-audrey.org\/wp-content\/uploads\/2020\/03\/jambe-3.jpg?w=588&amp;ssl=1 588w, https:\/\/i0.wp.com\/www.asso-audrey.org\/wp-content\/uploads\/2020\/03\/jambe-3.jpg?resize=197%2C300&amp;ssl=1 197w\" sizes=\"auto, (max-width: 588px) 100vw, 588px\" \/><figcaption class=\"blocks-gallery-item__caption\">Manchas del P\u00farpura Fulminans<\/figcaption><\/figure><\/li><li class=\"blocks-gallery-item\"><figure><img data-recalc-dims=\"1\" loading=\"lazy\" decoding=\"async\" width=\"393\" height=\"331\" src=\"https:\/\/i0.wp.com\/www.asso-audrey.org\/wp-content\/uploads\/2020\/03\/main-2.jpg?resize=393%2C331&#038;ssl=1\" alt=\"\" data-id=\"667\" data-full-url=\"https:\/\/www.asso-audrey.org\/wp-content\/uploads\/2020\/03\/main-2.jpg\" data-link=\"https:\/\/www.asso-audrey.org\/?attachment_id=667\" class=\"wp-image-667\" srcset=\"https:\/\/i0.wp.com\/www.asso-audrey.org\/wp-content\/uploads\/2020\/03\/main-2.jpg?w=393&amp;ssl=1 393w, https:\/\/i0.wp.com\/www.asso-audrey.org\/wp-content\/uploads\/2020\/03\/main-2.jpg?resize=300%2C253&amp;ssl=1 300w\" sizes=\"auto, (max-width: 393px) 100vw, 393px\" \/><figcaption class=\"blocks-gallery-item__caption\">Quemadura de tercer grado<\/figcaption><\/figure><\/li><\/ul><\/figure>\n\n\n\n<h1 class=\"has-light-green-cyan-color has-text-color is-style-vk-heading-both_ends wp-block-heading\"> S\u00edntomas <\/h1>\n\n\n<p>Los signos de alarma:<\/p>\n<p>&#8211;&nbsp;&nbsp;&nbsp;&nbsp;&nbsp;&nbsp;&nbsp;&nbsp;&nbsp; Gran fiebre (39\u00b0C- 40\u00b0C)<\/p>\n<p>&#8211;&nbsp;&nbsp;&nbsp;&nbsp;&nbsp;&nbsp;&nbsp;&nbsp;&nbsp; Cefaleas (dolores locales al nivel de la base craneal)<\/p>\n<p>&#8211;&nbsp;&nbsp;&nbsp;&nbsp;&nbsp;&nbsp;&nbsp;&nbsp;&nbsp; Agujetas, rigidez de la nuca<\/p>\n<p>&#8211;&nbsp;&nbsp;&nbsp;&nbsp;&nbsp;&nbsp;&nbsp;&nbsp;&nbsp; Nausea, vomito<\/p>\n<p>&#8211;&nbsp;&nbsp;&nbsp;&nbsp;&nbsp;&nbsp;&nbsp;&nbsp;&nbsp; Sensibilidad anormal a la luz viva<\/p>\n<p>&#8211;&nbsp;&nbsp;&nbsp;&nbsp;&nbsp;&nbsp;&nbsp;&nbsp;&nbsp; Manchas rojas (p\u00farpura) sobre el cuerpo<\/p>\n<p>&#8211;&nbsp;&nbsp;&nbsp;&nbsp;&nbsp;&nbsp;&nbsp;&nbsp;&nbsp; Somnolencia<\/p>\n<p>Para el&nbsp;<b>ni\u00f1o de pecho<\/b>, los s\u00edntomas quedan a menudo menos espec\u00edficos: quedar my atento en caso de&nbsp;<b>fiebre<\/b>&nbsp;asociada a&nbsp;<b>modificaciones del comportamiento<\/b>&nbsp;(llantos, rechazo a comer, somnolencia, \u2026)<\/p>\n<p>Para los&nbsp;<b>reci\u00e9n nacidos<\/b>, la&nbsp;<b>nuca<\/b>&nbsp;puede revelarse&nbsp;<b>fofa<\/b>&nbsp;et la&nbsp;<b>fontanela<\/b>&nbsp;(parte blanda en la cumbre del cr\u00e1neo)&nbsp;<b>abombado<\/b>.<\/p>\n\n\n<h1 class=\"has-light-green-cyan-color has-text-color is-style-vk-heading-both_ends wp-block-heading\"> Factores de riesgos <\/h1>\n\n\n<p>A continuaci\u00f3n algunos factores de riesgos que existen:<\/p>\n<p>&#8211;&nbsp;&nbsp;&nbsp;&nbsp;&nbsp;&nbsp;&nbsp;&nbsp;&nbsp; Tener contactos f\u00edsicos con personas infectadas por la meningitis (Por ejemplo&nbsp;: intercambio de saliva por besos, estornudos, intercambiar vasos, el cigarrillo, \u2026)<\/p>\n<p>&#8211;&nbsp;&nbsp;&nbsp;&nbsp;&nbsp;&nbsp;&nbsp;&nbsp;&nbsp; Ir a un pa\u00eds donde la enfermedad es muy presente (mejor informarse antes de irse)<\/p>\n<p>&#8211;&nbsp;&nbsp;&nbsp;&nbsp;&nbsp;&nbsp;&nbsp;&nbsp;&nbsp;&nbsp;<b>Fumar<\/b>&nbsp;(la meningitis puede afectar a fumadores&nbsp;<b>ACTIVOS Y PASIVOS<\/b>)<\/p>\n<p>&#8211;&nbsp;&nbsp;&nbsp;&nbsp;&nbsp;&nbsp;&nbsp;&nbsp;&nbsp; El&nbsp;<b>cansancio<\/b>&nbsp;y el&nbsp;<b>estr\u00e9s<\/b>&nbsp;debilitan el sistema inmunitario que ya no proteja tan bien de los riesgos de enfermedad.<\/p>\n<p>Si se sospecha un caso de meningitis, hay que llevar el paciente al medico cuanto antes. Si hay la menor&nbsp;<b>sospecha de meningitis<\/b>, el medico&nbsp;<b>hospitalizara inmediatamente<\/b>&nbsp;el paciente.&nbsp;<\/p>\n<p>Une&nbsp;<b>punci\u00f3n lumbar<\/b>&nbsp;(extracci\u00f3n de liquido cefalorraqu\u00eddeo) permitir\u00e1 de identificar la bacteria o el virus responsable de la meningitis. Eso permitir\u00e1 de&nbsp;<b>adaptar el tratamiento<\/b>&nbsp;en funci\u00f3n del tipo de meningitis del paciente.<\/p>\n<p>Si se trata de una<b>&nbsp;Meningitis a meningococo<\/b>, se propondr\u00e1&nbsp;<b>un tratamiento preventivo<\/b>&nbsp;(antibioterapia, vacunaci\u00f3n) a las personas que&nbsp;<b>hubieran sido en contacto estrecho y de manera prolongada con el enfermo<\/b>.<\/p>\n\n\n<h1 class=\"has-light-green-cyan-color has-text-color is-style-vk-heading-both_ends wp-block-heading\"> Tratamientos <\/h1>\n\n\n<p>Para una&nbsp;<b>curaci\u00f3n r\u00e1pida de la meningitis viral<\/b>, el enfermo debe asociar tres cosas esenciales,&nbsp;<b>mucho descanso, beber mucho<\/b>&nbsp;y tener&nbsp;<b>una buena nutrici\u00f3n<\/b>. Puede seguir tomando remedios habituales para combatir la fiebre.<\/p>\n<p><b><img data-recalc-dims=\"1\" loading=\"lazy\" decoding=\"async\" class=\"size-full wp-image-669 alignleft\" src=\"https:\/\/i0.wp.com\/www.asso-audrey.org\/wp-content\/uploads\/2020\/03\/attention_pano-2.jpg?resize=118%2C107&#038;ssl=1\" alt=\"\" width=\"118\" height=\"107\">CUIDADO, se desaconseja la aspirina<\/b>&nbsp;en caso de&nbsp;<b>meningitis viral<\/b>&nbsp;ya que puede acarear el s\u00edndrome de Reyes,&nbsp;<b>enfermedad grave que afecta al cerebro y el h\u00edgado<\/b>.<\/p>\n<p>En caso de&nbsp;<b>meningitis bacteriana<\/b>,&nbsp;<b>el tratamiento con antibi\u00f3ticos<\/b>&nbsp;es el \u00fanico eficaz para erradicar la enfermedad.<\/p>\n<p><b>Vacunas contra los meningococos A, C Y y W 135<\/b>&nbsp;existen.&nbsp;<b>Se aconseja encarecidamente a las personas que hubieran sido en contacto con uno de los factores a riesgos<\/b>&nbsp;(Ej.: contacto con una persona enferma, pa\u00eds donde hay epidemias,\u2026).<\/p>\n\n\n<h1 class=\"has-light-green-cyan-color has-text-color is-style-vk-heading-both_ends wp-block-heading\"> Prevenci\u00f3n <\/h1>\n\n\n<p>La meningitis puede ocasionar graves consecuencias para el enfermo. En cuanto se instala la menor duda, hay que irse al medico.<\/p>\n<p>Algunos tipos de&nbsp;<b>meningitis bacterianas<\/b>&nbsp;se pueden prevenir gracias a la&nbsp;<b>vacunaci\u00f3n<\/b>&nbsp;pero no todos.<\/p>\n<p><b>No existe ninguna vacuna contra la meningitis a meningococo de tipo B<\/b>. Dos tipos de vacunas contra el meningococo pueden encontrarse: uno que ofrece una protecci\u00f3n m\u00faltiple y otro que ofrece la \u00fanica protecci\u00f3n contra el serotipo C.<\/p>\n<p>Existe una<b>&nbsp;vacuna contra en neumococo<\/b>, se recomienda a los padres j\u00f3venes a fin de que se administra a&nbsp;<b>los ni\u00f1os entre 2 mese y 4 anos<\/b>&nbsp;para reducir el riesgo de meningitis bacteriana.<\/p>\n<p>Se aconseja especialmente a los enfermos que tienen la&nbsp;<b>meningitis bacteriana<\/b>&nbsp;de&nbsp;<b>vivir sanamente<\/b>&nbsp;(Ej.: comida sana, descansar,\u2026) y una&nbsp;<b>buena higiene<\/b>&nbsp;de vida (Ej.: lavarse las manos a menudo,\u2026)<\/p>\n\n\n<h1 class=\"has-light-green-cyan-color has-text-color is-style-vk-heading-both_ends wp-block-heading\"> Cifras claves <\/h1>\n\n\n<p>Alrededor del&nbsp;<b>70 %<\/b>&nbsp;de los casos de<b>&nbsp;meningitis bacteriana<\/b>&nbsp;se manifiestan&nbsp;<b>antes los 5 anos.<\/b><\/p>\n<p>En el&nbsp;<b>30%<\/b>&nbsp;de los caso de&nbsp;<b>meningitis a meningococo<\/b>, se declara la terrible infecci\u00f3n \u00ab\u00a0<b>p\u00farpura fulminans<\/b>\u00ab\u00a0.<\/p>\n<p>En el&nbsp;<b>60 %<\/b>&nbsp;de los casos, el enfermo no conserva&nbsp;<b>ni una secuela<\/b>&nbsp;tras su curaci\u00f3n,&nbsp;<b>20 %<\/b>&nbsp;de los enfermos sufren&nbsp;<b>graves secuelas<\/b>&nbsp;como&nbsp; la sordera, la ceguera, la par\u00e1lisis, el coma&#8230; Desgraciadamente, para el&nbsp;<b>20 %<\/b>&nbsp;restante la meningitis resulta una&nbsp;<b>enfermedad fatal<\/b>.<b><br><\/b><br>El recrudecimiento de la meningitis es de temporada&nbsp;<b>(invierno\/primavera)<\/b>&nbsp;y afecta entre&nbsp;<b>1 y 5 casos para 100 000 habitantes<\/b>&nbsp;en un pa\u00eds industrializado.<\/p>\n<p>Se cuenta hasta&nbsp;<b>500 000 casos<\/b>&nbsp;de infecciones a meningococo en el mundo por ano.<\/p>\n<p>Hoy en d\u00eda, se censa alrededor de&nbsp;<b>1.2 mill\u00f3n de casos de meningitis bacterianas<\/b>&nbsp;(meningococo, neumococos),&nbsp;<b>135 000 casos resultaran mortales<\/b>.<\/p>","protected":false},"excerpt":{"rendered":"<p>Las meningitis son\u00a0afecciones\u00a0que pueden resultar graves. As\u00ed necesitan un\u00a0tratamiento r\u00e1pido y adaptado.<\/p>\n","protected":false},"author":1,"featured_media":54,"comment_status":"closed","ping_status":"closed","sticky":false,"template":"","format":"image","meta":{"_jetpack_memberships_contains_paid_content":false,"vkexunit_cta_each_option":"","footnotes":""},"categories":[66],"tags":[],"post_folder":[],"class_list":["post-1168","post","type-post","status-publish","format-image","has-post-thumbnail","hentry","category-slider-es","post_format-post-format-image"],"jetpack_featured_media_url":"https:\/\/i0.wp.com\/www.asso-audrey.org\/wp-content\/uploads\/2020\/03\/meningite.jpg?fit=1022%2C706&ssl=1","jetpack_shortlink":"https:\/\/wp.me\/pbNfD9-iQ","jetpack_sharing_enabled":true,"_links":{"self":[{"href":"https:\/\/www.asso-audrey.org\/index.php?rest_route=\/wp\/v2\/posts\/1168","targetHints":{"allow":["GET"]}}],"collection":[{"href":"https:\/\/www.asso-audrey.org\/index.php?rest_route=\/wp\/v2\/posts"}],"about":[{"href":"https:\/\/www.asso-audrey.org\/index.php?rest_route=\/wp\/v2\/types\/post"}],"author":[{"embeddable":true,"href":"https:\/\/www.asso-audrey.org\/index.php?rest_route=\/wp\/v2\/users\/1"}],"replies":[{"embeddable":true,"href":"https:\/\/www.asso-audrey.org\/index.php?rest_route=%2Fwp%2Fv2%2Fcomments&post=1168"}],"version-history":[{"count":1,"href":"https:\/\/www.asso-audrey.org\/index.php?rest_route=\/wp\/v2\/posts\/1168\/revisions"}],"predecessor-version":[{"id":1169,"href":"https:\/\/www.asso-audrey.org\/index.php?rest_route=\/wp\/v2\/posts\/1168\/revisions\/1169"}],"wp:featuredmedia":[{"embeddable":true,"href":"https:\/\/www.asso-audrey.org\/index.php?rest_route=\/wp\/v2\/media\/54"}],"wp:attachment":[{"href":"https:\/\/www.asso-audrey.org\/index.php?rest_route=%2Fwp%2Fv2%2Fmedia&parent=1168"}],"wp:term":[{"taxonomy":"category","embeddable":true,"href":"https:\/\/www.asso-audrey.org\/index.php?rest_route=%2Fwp%2Fv2%2Fcategories&post=1168"},{"taxonomy":"post_tag","embeddable":true,"href":"https:\/\/www.asso-audrey.org\/index.php?rest_route=%2Fwp%2Fv2%2Ftags&post=1168"},{"taxonomy":"post_folder","embeddable":true,"href":"https:\/\/www.asso-audrey.org\/index.php?rest_route=%2Fwp%2Fv2%2Fpost_folder&post=1168"}],"curies":[{"name":"wp","href":"https:\/\/api.w.org\/{rel}","templated":true}]}}